{"id":992,"date":"2025-03-09T17:37:51","date_gmt":"2025-03-09T17:37:51","guid":{"rendered":"https:\/\/fasnachtbrugg.ch\/fasnachtbrugg\/?p=992"},"modified":"2025-03-10T13:41:52","modified_gmt":"2025-03-10T13:41:52","slug":"fasnacht-brugg-2025-rueckblick-in-zahlen","status":"publish","type":"post","link":"https:\/\/fasnachtbrugg.ch\/fasnachtbrugg\/2025\/03\/09\/fasnacht-brugg-2025-rueckblick-in-zahlen\/","title":{"rendered":"Fasnacht Brugg 2025 &#8211; R\u00fcckblick in Zahlen"},"content":{"rendered":"\n<h2 class=\"wp-block-heading\">Samstag<\/h2>\n\n\n\n<p>Am Samstag, 8. M\u00e4rz 2025, fand im Salzhaus Brugg die traditionelle Kinderfasnacht statt. Der Organisator ist die Fasnacht Brugg. Es nahmen viele verkleideten Kinder am Anlass teil. Die Kinder wurden von der Pfadi Brugg, Stufe Pio\u2019s, mit Spiel und Spass unterhalten, dabei wurde z.T. auch Teamgeist und Kreativit\u00e4t gefragt. DJ B\u00fcchi sorgte f\u00fcr die musikalische Unterhaltung. Zum letzten Mal durften sich die Kinder dann zum Abschluss ein kleines Pr\u00e4sent abholen. Einmal mehr war die Kinderfasnacht ein fr\u00f6hlicher und gelungener Event.<\/p>\n\n\n\n<ul class=\"wp-block-list\">\n<li>Kinder mit Nummer: 57 Kinder<\/li>\n\n\n\n<li>Kinder ohne Nummer: ca. 10 Kinder<\/li>\n\n\n\n<li>Total teilnehmende Kinder: ca. 67 Kinder<\/li>\n<\/ul>\n\n\n\n<h2 class=\"wp-block-heading\">Sonntag<\/h2>\n\n\n\n<p>Am Sonntag, 9. M\u00e4rz 2025, nahmen am Brugger-Fasnachtsumzug 32 Gruppen teil. 2 grosse Gruppen, mit einmal 40 und einmal 65 Teilnehmenden, 2 kleine Gruppen, mit je 5 Teilnehmenden so wie auch 7 Wagengruppen erhielten einen Preis. Ebenfalls waren 7 Guggenmusiken dabei.<br>Folgende Gruppen bekamen einen Preis:<\/p>\n\n\n\n<h3 class=\"wp-block-heading\">Gruppen klein<\/h3>\n\n\n\n<ol class=\"wp-block-list\">\n<li>Rang: H\u00f6rbeli, Umiken mit \u00abD&#8217;Rabem\u00fcettere\u00bb<\/li>\n\n\n\n<li>Rang: Verein V\u00e4rslischmitte, Brugg, \u00abGl\u00fcckskeks, Drachen &amp; Nudelsuppe\u00bb<\/li>\n<\/ol>\n\n\n\n<h3 class=\"wp-block-heading\">Gruppen gross<\/h3>\n\n\n\n<ol class=\"wp-block-list\">\n<li>Kita Wasserschloss, Windisch mit \u00abR\u00e4uber, Poli und Fasnachtsspass &#8211; im Wasserschloss geben alle Gas\u00bb<\/li>\n\n\n\n<li>Hort &amp; Kita Tatzelwurm, Brugg Lauffohr mit \u00abWissenschaft trifft Fasnachtsspass\u00bb<\/li>\n<\/ol>\n\n\n\n<h3 class=\"wp-block-heading\">Waggengruppen<\/h3>\n\n\n\n<ol class=\"wp-block-list\">\n<li>Rang: Polterzunft Staretschwil (Wagenbande), Staretschwil mit \u00abi 7 T\u00e4g om d&#8217;W\u00e4lt\u00bb<\/li>\n\n\n\n<li>Rang: Schrankewandler H\u00e4ndschike, Hendschikon mit \u00abMondtourismus\u00bb<\/li>\n\n\n\n<li>Rang: Andalusier, Mellingen mit \u00abEiszeit\u00bb<\/li>\n\n\n\n<li>Rang: Boh\u00e8me-Musig Wagenbau, Olten mit \u00abWellenreiter und Meeresstreiter\u00bb<\/li>\n\n\n\n<li>Rang: M\u00f6sli-Clique, Fischbach-G\u00f6slikon mit \u00abAtomkraft, Jein Danke!\u00bb<\/li>\n\n\n\n<li>Rang: Amigos, Birr mit \u00ab100 Jahre Migros\u00bb<\/li>\n\n\n\n<li>Rang: Hotzew\u00e4lder Dentike, Dintikon mit \u00abWabi-Sabi\u00bb<\/li>\n<\/ol>\n\n\n\n<p>Fasnacht Brugg<br>Gaby L\u00fcscher-Keller<\/p>\n\n\n\n<p><\/p>\n","protected":false},"excerpt":{"rendered":"<p>Samstag Am Samstag, 8. M\u00e4rz 2025, fand im Salzhaus Brugg die traditionelle Kinderfasnacht statt. Der Organisator ist die Fasnacht Brugg. Es nahmen viele verkleideten Kinder am Anlass teil. Die Kinder wurden von der Pfadi Brugg, Stufe Pio\u2019s, mit Spiel und Spass unterhalten, dabei wurde z.T. auch Teamgeist und Kreativit\u00e4t gefragt. DJ B\u00fcchi sorgte f\u00fcr die [&hellip;]<\/p>\n","protected":false},"author":1,"featured_media":0,"comment_status":"open","ping_status":"open","sticky":false,"template":"","format":"standard","meta":{"ngg_post_thumbnail":0,"footnotes":""},"categories":[1],"tags":[],"class_list":["post-992","post","type-post","status-publish","format-standard","hentry","category-uncategorized"],"_links":{"self":[{"href":"https:\/\/fasnachtbrugg.ch\/fasnachtbrugg\/wp-json\/wp\/v2\/posts\/992","targetHints":{"allow":["GET"]}}],"collection":[{"href":"https:\/\/fasnachtbrugg.ch\/fasnachtbrugg\/wp-json\/wp\/v2\/posts"}],"about":[{"href":"https:\/\/fasnachtbrugg.ch\/fasnachtbrugg\/wp-json\/wp\/v2\/types\/post"}],"author":[{"embeddable":true,"href":"https:\/\/fasnachtbrugg.ch\/fasnachtbrugg\/wp-json\/wp\/v2\/users\/1"}],"replies":[{"embeddable":true,"href":"https:\/\/fasnachtbrugg.ch\/fasnachtbrugg\/wp-json\/wp\/v2\/comments?post=992"}],"version-history":[{"count":8,"href":"https:\/\/fasnachtbrugg.ch\/fasnachtbrugg\/wp-json\/wp\/v2\/posts\/992\/revisions"}],"predecessor-version":[{"id":1002,"href":"https:\/\/fasnachtbrugg.ch\/fasnachtbrugg\/wp-json\/wp\/v2\/posts\/992\/revisions\/1002"}],"wp:attachment":[{"href":"https:\/\/fasnachtbrugg.ch\/fasnachtbrugg\/wp-json\/wp\/v2\/media?parent=992"}],"wp:term":[{"taxonomy":"category","embeddable":true,"href":"https:\/\/fasnachtbrugg.ch\/fasnachtbrugg\/wp-json\/wp\/v2\/categories?post=992"},{"taxonomy":"post_tag","embeddable":true,"href":"https:\/\/fasnachtbrugg.ch\/fasnachtbrugg\/wp-json\/wp\/v2\/tags?post=992"}],"curies":[{"name":"wp","href":"https:\/\/api.w.org\/{rel}","templated":true}]}}